{"id":20395,"date":"2016-01-04T00:08:46","date_gmt":"2016-01-04T00:08:46","guid":{"rendered":"https:\/\/iissonline.net\/2026\/?p=20395"},"modified":"2016-01-04T00:08:46","modified_gmt":"2016-01-04T00:08:46","slug":"pentagon-curbs-use-of-psychologists-with-guantanamo-detainees","status":"publish","type":"post","link":"https:\/\/iissonline.net\/2026\/pentagon-curbs-use-of-psychologists-with-guantanamo-detainees\/","title":{"rendered":"Pentagon Curbs Use of Psychologists With Guant\u00e1namo Detainees"},"content":{"rendered":"<p>Pentagon Curbs Use of Psychologists With Guant\u00e1namo Detainees By JAMES RISENDEC. 31, 2015 Photo The United States prison at Guant\u00e1namo Bay, Cuba, in 2010. Psychologists no longer observe or are involved&hellip;<\/p>\n<p>You must be logged in to view this content.<\/p>\n<h3>Click here to <a href=\"\/register\">register<\/a><\/h3>\n<p>&nbsp;<\/p>\n","protected":false},"excerpt":{"rendered":"<p>Pentagon Curbs Use of Psychologists With Guant\u00e1namo Detainees By JAMES RISENDEC. 31, 2015 Photo The United States prison at Guant\u00e1namo Bay, Cuba, in 2010. Psychologists no longer observe or are involved&hellip; You must be logged in to view this content. &hellip; <a href=\"https:\/\/iissonline.net\/2026\/pentagon-curbs-use-of-psychologists-with-guantanamo-detainees\/\">Continue reading <span class=\"meta-nav\">&rarr;<\/span><\/a><\/p>\n","protected":false},"author":1,"featured_media":0,"comment_status":"open","ping_status":"open","sticky":false,"template":"","format":"standard","meta":{"jetpack_post_was_ever_published":false,"_jetpack_newsletter_access":"","_jetpack_dont_email_post_to_subs":false,"_jetpack_newsletter_tier_id":0,"_jetpack_memberships_contains_paywalled_content":false,"_jetpack_memberships_contains_paid_content":false,"footnotes":"","jetpack_publicize_message":"","jetpack_publicize_feature_enabled":true,"jetpack_social_post_already_shared":false,"jetpack_social_options":{"image_generator_settings":{"template":"highway","default_image_id":0,"font":"","enabled":false},"version":2}},"categories":[4,18],"tags":[104,117],"class_list":["post-20395","post","type-post","status-publish","format-standard","hentry","category-control","category-fraudwasteabuse","tag-control","tag-fraudwasteabuse"],"yoast_head":"<!-- This site is optimized with the Yoast SEO plugin v27.4 - https:\/\/yoast.com\/product\/yoast-seo-wordpress\/ -->\n<title>Pentagon Curbs Use of Psychologists With Guant\u00e1namo Detainees - Isenberg Institute of Strategic Satire<\/title>\n<meta name=\"robots\" content=\"index, follow, max-snippet:-1, max-image-preview:large, max-video-preview:-1\" \/>\n<link rel=\"canonical\" href=\"https:\/\/iissonline.net\/2026\/pentagon-curbs-use-of-psychologists-with-guantanamo-detainees\/\" \/>\n<meta property=\"og:locale\" content=\"en_US\" \/>\n<meta property=\"og:type\" content=\"article\" \/>\n<meta property=\"og:title\" content=\"Pentagon Curbs Use of Psychologists With Guant\u00e1namo Detainees - Isenberg Institute of Strategic Satire\" \/>\n<meta property=\"og:description\" content=\"Pentagon Curbs Use of Psychologists With Guant\u00e1namo Detainees By JAMES RISENDEC. 31, 2015 Photo The United States prison at Guant\u00e1namo Bay, Cuba, in 2010. Psychologists no longer observe or are involved&hellip; You must be logged in to view this content. &hellip; Continue reading &rarr;\" \/>\n<meta property=\"og:url\" content=\"https:\/\/iissonline.net\/2026\/pentagon-curbs-use-of-psychologists-with-guantanamo-detainees\/\" \/>\n<meta property=\"og:site_name\" content=\"Isenberg Institute of Strategic Satire\" \/>\n<meta property=\"article:published_time\" content=\"2016-01-04T00:08:46+00:00\" \/>\n<meta property=\"og:image\" content=\"http:\/\/static01.nyt.com\/images\/2016\/01\/04\/us\/31gitmo-web1\/31gitmo-web1-master675.jpg\" \/>\n<meta name=\"twitter:card\" content=\"summary_large_image\" \/>\n<meta name=\"twitter:label1\" content=\"Written by\" \/>\n\t<meta name=\"twitter:data1\" content=\"\" \/>\n\t<meta name=\"twitter:label2\" content=\"Est. reading time\" \/>\n\t<meta name=\"twitter:data2\" content=\"7 minutes\" \/>\n<script type=\"application\/ld+json\" class=\"yoast-schema-graph\">{\"@context\":\"https:\\\/\\\/schema.org\",\"@graph\":[{\"@type\":\"Article\",\"@id\":\"https:\\\/\\\/iissonline.net\\\/2026\\\/pentagon-curbs-use-of-psychologists-with-guantanamo-detainees\\\/#article\",\"isPartOf\":{\"@id\":\"https:\\\/\\\/iissonline.net\\\/2026\\\/pentagon-curbs-use-of-psychologists-with-guantanamo-detainees\\\/\"},\"author\":{\"name\":\"\",\"@id\":\"https:\\\/\\\/iissonline.net\\\/2026\\\/#\\\/schema\\\/person\\\/d9e91fd1a1523b3c7eebbee93de450a1\"},\"headline\":\"Pentagon Curbs Use of Psychologists With Guant\u00e1namo Detainees\",\"datePublished\":\"2016-01-04T00:08:46+00:00\",\"mainEntityOfPage\":{\"@id\":\"https:\\\/\\\/iissonline.net\\\/2026\\\/pentagon-curbs-use-of-psychologists-with-guantanamo-detainees\\\/\"},\"wordCount\":1469,\"commentCount\":0,\"image\":{\"@id\":\"https:\\\/\\\/iissonline.net\\\/2026\\\/pentagon-curbs-use-of-psychologists-with-guantanamo-detainees\\\/#primaryimage\"},\"thumbnailUrl\":\"http:\\\/\\\/static01.nyt.com\\\/images\\\/2016\\\/01\\\/04\\\/us\\\/31gitmo-web1\\\/31gitmo-web1-master675.jpg\",\"keywords\":[\"Control\",\"Fraud\\\/Waste\\\/Abuse\"],\"articleSection\":[\"Control\",\"Fraud\\\/Waste\\\/Abuse\"],\"inLanguage\":\"en-US\",\"potentialAction\":[{\"@type\":\"CommentAction\",\"name\":\"Comment\",\"target\":[\"https:\\\/\\\/iissonline.net\\\/2026\\\/pentagon-curbs-use-of-psychologists-with-guantanamo-detainees\\\/#respond\"]}]},{\"@type\":\"WebPage\",\"@id\":\"https:\\\/\\\/iissonline.net\\\/2026\\\/pentagon-curbs-use-of-psychologists-with-guantanamo-detainees\\\/\",\"url\":\"https:\\\/\\\/iissonline.net\\\/2026\\\/pentagon-curbs-use-of-psychologists-with-guantanamo-detainees\\\/\",\"name\":\"Pentagon Curbs Use of Psychologists With Guant\u00e1namo Detainees - Isenberg Institute of Strategic Satire\",\"isPartOf\":{\"@id\":\"https:\\\/\\\/iissonline.net\\\/2026\\\/#website\"},\"primaryImageOfPage\":{\"@id\":\"https:\\\/\\\/iissonline.net\\\/2026\\\/pentagon-curbs-use-of-psychologists-with-guantanamo-detainees\\\/#primaryimage\"},\"image\":{\"@id\":\"https:\\\/\\\/iissonline.net\\\/2026\\\/pentagon-curbs-use-of-psychologists-with-guantanamo-detainees\\\/#primaryimage\"},\"thumbnailUrl\":\"http:\\\/\\\/static01.nyt.com\\\/images\\\/2016\\\/01\\\/04\\\/us\\\/31gitmo-web1\\\/31gitmo-web1-master675.jpg\",\"datePublished\":\"2016-01-04T00:08:46+00:00\",\"author\":{\"@id\":\"https:\\\/\\\/iissonline.net\\\/2026\\\/#\\\/schema\\\/person\\\/d9e91fd1a1523b3c7eebbee93de450a1\"},\"breadcrumb\":{\"@id\":\"https:\\\/\\\/iissonline.net\\\/2026\\\/pentagon-curbs-use-of-psychologists-with-guantanamo-detainees\\\/#breadcrumb\"},\"inLanguage\":\"en-US\",\"potentialAction\":[{\"@type\":\"ReadAction\",\"target\":[\"https:\\\/\\\/iissonline.net\\\/2026\\\/pentagon-curbs-use-of-psychologists-with-guantanamo-detainees\\\/\"]}]},{\"@type\":\"ImageObject\",\"inLanguage\":\"en-US\",\"@id\":\"https:\\\/\\\/iissonline.net\\\/2026\\\/pentagon-curbs-use-of-psychologists-with-guantanamo-detainees\\\/#primaryimage\",\"url\":\"http:\\\/\\\/static01.nyt.com\\\/images\\\/2016\\\/01\\\/04\\\/us\\\/31gitmo-web1\\\/31gitmo-web1-master675.jpg\",\"contentUrl\":\"http:\\\/\\\/static01.nyt.com\\\/images\\\/2016\\\/01\\\/04\\\/us\\\/31gitmo-web1\\\/31gitmo-web1-master675.jpg\"},{\"@type\":\"BreadcrumbList\",\"@id\":\"https:\\\/\\\/iissonline.net\\\/2026\\\/pentagon-curbs-use-of-psychologists-with-guantanamo-detainees\\\/#breadcrumb\",\"itemListElement\":[{\"@type\":\"ListItem\",\"position\":1,\"name\":\"Home\",\"item\":\"https:\\\/\\\/iissonline.net\\\/2026\\\/\"},{\"@type\":\"ListItem\",\"position\":2,\"name\":\"Pentagon Curbs Use of Psychologists With Guant\u00e1namo Detainees\"}]},{\"@type\":\"WebSite\",\"@id\":\"https:\\\/\\\/iissonline.net\\\/2026\\\/#website\",\"url\":\"https:\\\/\\\/iissonline.net\\\/2026\\\/\",\"name\":\"Isenberg Institute of Strategic Satire\",\"description\":\"Unpacking the Private Military Complex\",\"potentialAction\":[{\"@type\":\"SearchAction\",\"target\":{\"@type\":\"EntryPoint\",\"urlTemplate\":\"https:\\\/\\\/iissonline.net\\\/2026\\\/?s={search_term_string}\"},\"query-input\":{\"@type\":\"PropertyValueSpecification\",\"valueRequired\":true,\"valueName\":\"search_term_string\"}}],\"inLanguage\":\"en-US\"},{\"@type\":\"Person\",\"@id\":\"https:\\\/\\\/iissonline.net\\\/2026\\\/#\\\/schema\\\/person\\\/d9e91fd1a1523b3c7eebbee93de450a1\",\"name\":\"\",\"image\":{\"@type\":\"ImageObject\",\"inLanguage\":\"en-US\",\"@id\":\"https:\\\/\\\/secure.gravatar.com\\\/avatar\\\/a5560375f973ec1134100139d0a52efec4a10061bf9bf693121c8bedec08ef8e?s=96&d=mm&r=g\",\"url\":\"https:\\\/\\\/secure.gravatar.com\\\/avatar\\\/a5560375f973ec1134100139d0a52efec4a10061bf9bf693121c8bedec08ef8e?s=96&d=mm&r=g\",\"contentUrl\":\"https:\\\/\\\/secure.gravatar.com\\\/avatar\\\/a5560375f973ec1134100139d0a52efec4a10061bf9bf693121c8bedec08ef8e?s=96&d=mm&r=g\"},\"url\":\"https:\\\/\\\/iissonline.net\\\/2026\\\/author\\\/\"}]}<\/script>\n<!-- \/ Yoast SEO plugin. -->","yoast_head_json":{"title":"Pentagon Curbs Use of Psychologists With Guant\u00e1namo Detainees - Isenberg Institute of Strategic Satire","robots":{"index":"index","follow":"follow","max-snippet":"max-snippet:-1","max-image-preview":"max-image-preview:large","max-video-preview":"max-video-preview:-1"},"canonical":"https:\/\/iissonline.net\/2026\/pentagon-curbs-use-of-psychologists-with-guantanamo-detainees\/","og_locale":"en_US","og_type":"article","og_title":"Pentagon Curbs Use of Psychologists With Guant\u00e1namo Detainees - Isenberg Institute of Strategic Satire","og_description":"Pentagon Curbs Use of Psychologists With Guant\u00e1namo Detainees By JAMES RISENDEC. 31, 2015 Photo The United States prison at Guant\u00e1namo Bay, Cuba, in 2010. Psychologists no longer observe or are involved&hellip; You must be logged in to view this content. &hellip; Continue reading &rarr;","og_url":"https:\/\/iissonline.net\/2026\/pentagon-curbs-use-of-psychologists-with-guantanamo-detainees\/","og_site_name":"Isenberg Institute of Strategic Satire","article_published_time":"2016-01-04T00:08:46+00:00","og_image":[{"url":"http:\/\/static01.nyt.com\/images\/2016\/01\/04\/us\/31gitmo-web1\/31gitmo-web1-master675.jpg","type":"","width":"","height":""}],"twitter_card":"summary_large_image","twitter_misc":{"Written by":"","Est. reading time":"7 minutes"},"schema":{"@context":"https:\/\/schema.org","@graph":[{"@type":"Article","@id":"https:\/\/iissonline.net\/2026\/pentagon-curbs-use-of-psychologists-with-guantanamo-detainees\/#article","isPartOf":{"@id":"https:\/\/iissonline.net\/2026\/pentagon-curbs-use-of-psychologists-with-guantanamo-detainees\/"},"author":{"name":"","@id":"https:\/\/iissonline.net\/2026\/#\/schema\/person\/d9e91fd1a1523b3c7eebbee93de450a1"},"headline":"Pentagon Curbs Use of Psychologists With Guant\u00e1namo Detainees","datePublished":"2016-01-04T00:08:46+00:00","mainEntityOfPage":{"@id":"https:\/\/iissonline.net\/2026\/pentagon-curbs-use-of-psychologists-with-guantanamo-detainees\/"},"wordCount":1469,"commentCount":0,"image":{"@id":"https:\/\/iissonline.net\/2026\/pentagon-curbs-use-of-psychologists-with-guantanamo-detainees\/#primaryimage"},"thumbnailUrl":"http:\/\/static01.nyt.com\/images\/2016\/01\/04\/us\/31gitmo-web1\/31gitmo-web1-master675.jpg","keywords":["Control","Fraud\/Waste\/Abuse"],"articleSection":["Control","Fraud\/Waste\/Abuse"],"inLanguage":"en-US","potentialAction":[{"@type":"CommentAction","name":"Comment","target":["https:\/\/iissonline.net\/2026\/pentagon-curbs-use-of-psychologists-with-guantanamo-detainees\/#respond"]}]},{"@type":"WebPage","@id":"https:\/\/iissonline.net\/2026\/pentagon-curbs-use-of-psychologists-with-guantanamo-detainees\/","url":"https:\/\/iissonline.net\/2026\/pentagon-curbs-use-of-psychologists-with-guantanamo-detainees\/","name":"Pentagon Curbs Use of Psychologists With Guant\u00e1namo Detainees - Isenberg Institute of Strategic Satire","isPartOf":{"@id":"https:\/\/iissonline.net\/2026\/#website"},"primaryImageOfPage":{"@id":"https:\/\/iissonline.net\/2026\/pentagon-curbs-use-of-psychologists-with-guantanamo-detainees\/#primaryimage"},"image":{"@id":"https:\/\/iissonline.net\/2026\/pentagon-curbs-use-of-psychologists-with-guantanamo-detainees\/#primaryimage"},"thumbnailUrl":"http:\/\/static01.nyt.com\/images\/2016\/01\/04\/us\/31gitmo-web1\/31gitmo-web1-master675.jpg","datePublished":"2016-01-04T00:08:46+00:00","author":{"@id":"https:\/\/iissonline.net\/2026\/#\/schema\/person\/d9e91fd1a1523b3c7eebbee93de450a1"},"breadcrumb":{"@id":"https:\/\/iissonline.net\/2026\/pentagon-curbs-use-of-psychologists-with-guantanamo-detainees\/#breadcrumb"},"inLanguage":"en-US","potentialAction":[{"@type":"ReadAction","target":["https:\/\/iissonline.net\/2026\/pentagon-curbs-use-of-psychologists-with-guantanamo-detainees\/"]}]},{"@type":"ImageObject","inLanguage":"en-US","@id":"https:\/\/iissonline.net\/2026\/pentagon-curbs-use-of-psychologists-with-guantanamo-detainees\/#primaryimage","url":"http:\/\/static01.nyt.com\/images\/2016\/01\/04\/us\/31gitmo-web1\/31gitmo-web1-master675.jpg","contentUrl":"http:\/\/static01.nyt.com\/images\/2016\/01\/04\/us\/31gitmo-web1\/31gitmo-web1-master675.jpg"},{"@type":"BreadcrumbList","@id":"https:\/\/iissonline.net\/2026\/pentagon-curbs-use-of-psychologists-with-guantanamo-detainees\/#breadcrumb","itemListElement":[{"@type":"ListItem","position":1,"name":"Home","item":"https:\/\/iissonline.net\/2026\/"},{"@type":"ListItem","position":2,"name":"Pentagon Curbs Use of Psychologists With Guant\u00e1namo Detainees"}]},{"@type":"WebSite","@id":"https:\/\/iissonline.net\/2026\/#website","url":"https:\/\/iissonline.net\/2026\/","name":"Isenberg Institute of Strategic Satire","description":"Unpacking the Private Military Complex","potentialAction":[{"@type":"SearchAction","target":{"@type":"EntryPoint","urlTemplate":"https:\/\/iissonline.net\/2026\/?s={search_term_string}"},"query-input":{"@type":"PropertyValueSpecification","valueRequired":true,"valueName":"search_term_string"}}],"inLanguage":"en-US"},{"@type":"Person","@id":"https:\/\/iissonline.net\/2026\/#\/schema\/person\/d9e91fd1a1523b3c7eebbee93de450a1","name":"","image":{"@type":"ImageObject","inLanguage":"en-US","@id":"https:\/\/secure.gravatar.com\/avatar\/a5560375f973ec1134100139d0a52efec4a10061bf9bf693121c8bedec08ef8e?s=96&d=mm&r=g","url":"https:\/\/secure.gravatar.com\/avatar\/a5560375f973ec1134100139d0a52efec4a10061bf9bf693121c8bedec08ef8e?s=96&d=mm&r=g","contentUrl":"https:\/\/secure.gravatar.com\/avatar\/a5560375f973ec1134100139d0a52efec4a10061bf9bf693121c8bedec08ef8e?s=96&d=mm&r=g"},"url":"https:\/\/iissonline.net\/2026\/author\/"}]}},"jetpack_publicize_connections":[],"jetpack_featured_media_url":"","jetpack_sharing_enabled":true,"jetpack_shortlink":"https:\/\/wp.me\/phczRl-5iX","_links":{"self":[{"href":"https:\/\/iissonline.net\/2026\/wp-json\/wp\/v2\/posts\/20395","targetHints":{"allow":["GET"]}}],"collection":[{"href":"https:\/\/iissonline.net\/2026\/wp-json\/wp\/v2\/posts"}],"about":[{"href":"https:\/\/iissonline.net\/2026\/wp-json\/wp\/v2\/types\/post"}],"author":[{"embeddable":true,"href":"https:\/\/iissonline.net\/2026\/wp-json\/wp\/v2\/users\/1"}],"replies":[{"embeddable":true,"href":"https:\/\/iissonline.net\/2026\/wp-json\/wp\/v2\/comments?post=20395"}],"version-history":[{"count":0,"href":"https:\/\/iissonline.net\/2026\/wp-json\/wp\/v2\/posts\/20395\/revisions"}],"wp:attachment":[{"href":"https:\/\/iissonline.net\/2026\/wp-json\/wp\/v2\/media?parent=20395"}],"wp:term":[{"taxonomy":"category","embeddable":true,"href":"https:\/\/iissonline.net\/2026\/wp-json\/wp\/v2\/categories?post=20395"},{"taxonomy":"post_tag","embeddable":true,"href":"https:\/\/iissonline.net\/2026\/wp-json\/wp\/v2\/tags?post=20395"}],"curies":[{"name":"wp","href":"https:\/\/api.w.org\/{rel}","templated":true}]}}